{"id":20956,"date":"2022-10-27T07:00:00","date_gmt":"2022-10-27T05:00:00","guid":{"rendered":"https:\/\/etnaway.com\/?p=20956"},"modified":"2025-10-21T10:21:54","modified_gmt":"2025-10-21T08:21:54","slug":"der-aetna-im-herbst","status":"publish","type":"post","link":"https:\/\/etnaway.com\/de\/der-aetna-im-herbst\/","title":{"rendered":"Der \u00c4tna im Herbst"},"content":{"rendered":"\n<h2 class=\"wp-block-heading p1\"><span class=\"s1\"><b>Der \u00c4tna im Herbst: Wenn die Natur ihr Gesicht ver\u00e4ndert<\/b><\/span><\/h2>\n\n\n\n<p>Der \u00c4tna ist zu jeder Jahreszeit eine Reise wert \u2013 doch im Herbst zeigt er sich von seiner <strong>farbenpr\u00e4chtigsten und ruhigsten Seite<\/strong>. Die W\u00e4lder leuchten in warmen T\u00f6nen von Rot, Orange und Gold und bilden einen faszinierenden Kontrast zum schwarzen Lavagestein.<br>An den Nordh\u00e4ngen wechseln sich mond\u00e4hnliche Landschaften mit Eichen-, Birken- und Buchenw\u00e4ldern ab \u2013 ein Paradies f\u00fcr Naturliebhaber und Fotografen.<\/p>\n\n\n\n<p>Im Oktober f\u00e4rben sich die Bl\u00e4tter der <strong>\u00c4tna-Birke (Betula aetnensis)<\/strong> goldgelb und stechen deutlich aus der dunklen Vulkanlandschaft hervor. Die <strong>Astragalus siculus<\/strong>-Polster, die auf \u00e4lteren Lavastr\u00f6men wachsen, nehmen warme Farbt\u00f6ne an, w\u00e4hrend der <strong>Berberis aetnensis<\/strong> rote Akzente setzt.<br>Selbst die Lava ver\u00e4ndert ihre Farbe \u2013 von tiefschwarz bis r\u00f6tlich oder gelblich, je nach Mineralzusammensetzung.<\/p>\n\n\n\n<p>Der Herbst ist die ideale Zeit, um die <strong>Natur zu genie\u00dfen<\/strong>, durch stille W\u00e4lder zu wandern und den <strong>rauchenden Kratern<\/strong> im morgendlichen Nebel zu begegnen \u2013 ein authentisches, intensives Erlebnis.<\/p>\n\n\n\n<h2 class=\"wp-block-heading\"><br><strong>Angenehmes Klima und ideale Bedingungen zum Wandern<\/strong><\/h2>\n\n\n\n<p>Im Vergleich zum Sommer bietet der Herbst <strong>perfekte Wanderbedingungen<\/strong>: In den unteren Lagen liegen die Temperaturen zwischen <strong>10 und 20 \u00b0C<\/strong>, weiter oben wird es frischer.<br>Etnaway stellt die gesamte Ausr\u00fcstung zur Verf\u00fcgung \u2013 <strong>Windjacken, Wanderst\u00f6cke, Rucks\u00e4cke und festes Schuhwerk<\/strong> \u2013, damit jede Tour sicher und komfortabel ist, auch bei wechselhaftem Wetter.<\/p>\n\n\n\n<p>Sollte das Wetter eine Durchf\u00fchrung verhindern, kann die Tour <strong>verschoben oder erstattet<\/strong> werden \u2013 maximale Flexibilit\u00e4t f\u00fcr alle Teilnehmer.<br>Die herbstlichen Routen f\u00fchren durch Birken- und Pinienw\u00e4lder, \u00fcber alte Lavastr\u00f6me und zu Aussichtspunkten, die den Vulkan in seiner stillen, eindrucksvollen Sch\u00f6nheit zeigen.<\/p>\n\n\n\n<div style=\"text-align: center;\"><iframe src=\"https:\/\/www.3bmeteo.com\/moduli_esterni\/localita_7_giorni_compatto\/8630\/ffffff\/44883c\/5e5e5e\/ffffff\/de\" width=\"382\" height=\"192\" frameborder=\"0\"><\/iframe><\/div>\n\n\n\n<h2 class=\"wp-block-heading\">Die Farben des Herbstes<\/h2>\n\n\n\n<p>Auf unseren Touren auf der Nordseite des \u00c4tna (<a title=\"\u00c4tna Nordkrater-Tour\" href=\"https:\/\/etnaway.com\/?p=357\">Nordkrater-Tour<\/a>, <a title=\"\u00c4tna-Trekking-Tour\" href=\"https:\/\/etnaway.com\/?p=351\">\u00c4tna-Trekking-Tour<\/a> oder einfachere Touren wie die <a title=\"\u00c4tna &amp; Alcantara Tour\" href=\"https:\/\/etnaway.com\/?p=346\">\u00c4tna &amp; Alcantara Tour<\/a>) durchqueren wir Birken- und Pinienw\u00e4lder bevor wir in die schwarze Vulkanlandschaft eintauchen.<\/p>\n\n\n\n<p>Im Oktober f\u00e4rben sich die Bl\u00e4tter allm\u00e4hlich gelb und braun. Unser Panorama besteht aus schwarzen Lavafl\u00fcssen, gelben Baumgruppen, welche die Lavafl\u00fcsse verschont haben, und die Gipfelkrater im Hintergrund.<\/p>\n\n\n\n<figure class=\"wp-block-image aligncenter\"><img decoding=\"async\" src=\"https:\/\/etnaway.com\/wp-content\/uploads\/2024\/02\/Aetna-im-Herbst.webp\" alt=\"Der \u00c4tna im Herbst: die B\u00e4ume leuchten orange und braun neben dem schwarzen Lavafluss\" class=\"wp-image-30369\"\/><\/figure>\n\n\n\n<p><\/p>\n\n\n\n<p>Auch die gr\u00fcnen Kissen des <em>Astragalus siculus<\/em>, welche auf den \u00e4lteren Lavafl\u00fcssen bereits wachsen, verf\u00e4rben sich braun. Manche von ihnen leuchten jetzt aber rot, weil in den Kissen Berberitzen (ebenfalls eine endemische Pflanze, <em>Berberis aetnensis<\/em>) mit roten Fr\u00fcchten wachsen. In den Kissen f\u00e4ngt sich der Lavasand und bietet so anderen Pflanzen eine Heimat. Auf den H\u00e4ngen des \u00c4tna, wo st\u00e4ndig neue Asche niederf\u00e4llt und der Wind die Asche stets verweht, ist es schwierig f\u00fcr Pflanzen Fu\u00df zu fassen. Der <em>Astragalus siculus<\/em> ist daher eine wertvolle Pionierpflanze und Lebensraum f\u00fcr viele andere Pflanzen.<\/p>\n\n\n\n<figure class=\"wp-block-image aligncenter\"><img decoding=\"async\" src=\"https:\/\/etnaway.com\/wp-content\/uploads\/2024\/02\/Crespino-dell-Etna-1.webp\" alt=\"Die Berberitze des \u00c4tna (Berberis aetnensis) tr\u00e4gt im Herbst leuchtend rote Fr\u00fcchte\" class=\"wp-image-30390\"\/><\/figure>\n\n\n\n<p><\/p>\n\n\n\n<p>Ab Oktober kann man auf niedrigeren H\u00f6hen, bis etwa 1700 Meter, auch Krokusse bl\u00fchen sehen. <em>Crocus longiflorus<\/em> wird 10 \u2013 15 cm hoch und bl\u00fcht im Herbst blassviolett. Er ist nur auf Sizilien, Malta, den \u00c4gadischen Inseln und S\u00fcditalien verbreitet.<\/p>\n\n\n\n<p>Wer aus Deutschland, \u00d6sterreich oder der Schweiz nach Sizilien kommt, kennt vielleicht den Begriff des \u201eAltweibersommers\u201c, der seinen Namen daher hat, dass im Herbst Spinnweben durch die Luft schweben, die wie die Haare einer alten Frau aussehen. Auch am \u00c4tna k\u00f6nnen wir diese Spinnweben beobachten!<\/p>\n\n\n\n<h2 class=\"wp-block-heading\">Die Farben der Lava<\/h2>\n\n\n\n<p>Aber nicht nur die Pflanzenwelt des \u00c4tna verf\u00e4rbt sich im Herbst bunt.<\/p>\n\n\n\n<p>Auch der \u00c4tna selbst bietet \u2013 ganzj\u00e4hrig \u2013 ein abwechslungsreiches Farbenspiel.<\/p>\n\n\n\n<p>Die Lava ist nicht nur einfach schwarz oder grau, sondern kann, je nach chemischer Zusammensetzung, viele andere Schattierungen annehmen:<\/p>\n\n\n\n<ul class=\"wp-block-list\">\n<li>R\u00f6tliche Lava enth\u00e4lt viel Eisen.<\/li>\n\n\n\n<li>Die wei\u00dfe Farbe der Lava kommt vom enthaltenen Calcium und Magnesium.<\/li>\n\n\n\n<li>Schwefel f\u00e4rbt die Lava gelb.<\/li>\n<\/ul>\n\n\n\n<p>Alle Farben der Lava auf einen Blick:<\/p>\n\n\n\n<figure class=\"wp-block-image aligncenter\"><img decoding=\"async\" src=\"https:\/\/etnaway.com\/wp-content\/uploads\/2022\/10\/Farben-Aetna-Lava.jpg\" alt=\"Die Farben der Lava des \u00c4tna\" class=\"wp-image-20972\"\/><\/figure>\n\n\n\n<p><\/p>\n\n\n\n<p>Der Monte Nero auf der Nordseite des \u00c4tna, der bei einem Ausbruch 1646 entstanden ist: sein Name bedeutet schwarzer Berg. Schwarz ist er aber schon lange nicht mehr. Die Lava ist auf Grund des Eisengehalts oxidiert und r\u00f6tlich geworden:<\/p>\n\n\n\n<figure class=\"wp-block-image aligncenter\"><img decoding=\"async\" src=\"https:\/\/etnaway.com\/wp-content\/uploads\/2022\/10\/Monte-Nero.jpg\" alt=\"Monte Nero auf der Nordseite des \u00c4tna\" class=\"wp-image-20963\"\/><\/figure>\n\n\n\n<p><\/p>\n\n\n\n<p>Die austretenden Schwefelgase haben den S\u00fcd\u00f6stlichen Krater, den derzeit h\u00f6chsten der 4 Hauptkrater des \u00c4tna, im Jahr 2022 rund um seine \u00d6ffnung gelb gef\u00e4rbt:<\/p>\n\n\n\n<figure class=\"wp-block-image\"><img decoding=\"async\" src=\"https:\/\/etnaway.com\/wp-content\/uploads\/2022\/10\/Suedoestlicher-Krater-2022.jpg\" alt=\"Der S\u00fcd\u00f6stliche Krater im Jahr 2022\" class=\"wp-image-20977\"\/><\/figure>\n\n\n\n<p><\/p>\n\n\n\n<h2 class=\"wp-block-heading\"><strong>Wandern und Familienabenteuer mit Etnaway<\/strong><\/h2>\n\n\n\n<p>Wer den \u00c4tna hautnah erleben m\u00f6chte, findet bei Etnaway eine Vielzahl an <strong>Erlebnissen f\u00fcr jeden Anspruch<\/strong>.<\/p>\n\n\n\n<p>Besonders beliebt bei Familien ist die <a href=\"https:\/\/etnaway.com\/de\/familien-wanderung\/?utm_source=chatgpt.com\"><strong>Family Excursion<\/strong><\/a>: eine halbt\u00e4gige, leichte Wanderung (09:00\u201313:00 Uhr), die bei etwa <strong>1.660 Metern H\u00f6he<\/strong> startet. Die Route f\u00fchrt durch den <strong>Birkenwald (Betula aetnensis)<\/strong>, vorbei an den <strong>Sartorius-Kratern<\/strong> und endet an der <strong>Grotta dei Ladroni<\/strong>, einer faszinierenden Lavar\u00f6hre.<br>Zum Abschluss erwartet die Teilnehmer eine <strong>Verkostung von Honig, Lik\u00f6ren und regionalen Produkten<\/strong> in der Gegend von Piano Provenzana \u2013 ein entspanntes, authentisches Erlebnis.<\/p>\n\n\n\n<p>F\u00fcr Genie\u00dfer bietet die <strong>Etna &amp; Wine Tour<\/strong> die ideale Kombination aus Wanderung und Weinverkostung: gef\u00fchrte Erkundung des Vulkans, geologische Einblicke und anschlie\u00dfend ein typisches Mittagessen mit lokalen Weinen.<\/p>\n\n\n\n<p>Beide Touren erm\u00f6glichen es, den <strong>\u00c4tna im Herbst in all seinen Facetten<\/strong> zu erleben \u2013 Natur, Geschmack, Kultur und Abenteuer.<\/p>\n\n\n\n<h2 class=\"wp-block-heading\"><strong>Der \u00c4tna im Herbst: ein unvergessliches Erlebnis<\/strong><\/h2>\n\n\n\n<p>Im Herbst verwandelt sich der \u00c4tna in ein <strong>farbenfrohes Mosaik aus Licht, Aromen und Eindr\u00fccken<\/strong>.<br>Mit <strong>Etnaway<\/strong> erleben Besucher den Vulkan nicht nur als Zuschauer, sondern als Teil dieses faszinierenden Naturwunders: Sie wandern zwischen Kratern und Birkenw\u00e4ldern, verkosten vulkanische Weine, erkunden Lavah\u00f6hlen und entdecken die authentische Seele Siziliens.<\/p>\n\n\n\n<p>\ud83d\udc49 <strong>Buche jetzt dein herbstliches \u00c4tna-Erlebnis mit Etnaway<\/strong> und erlebe die Magie einer Jahreszeit, die den Vulkan in goldenes Licht taucht.<\/p>\n","protected":false},"excerpt":{"rendered":"<p>Der \u00c4tna im Herbst: Wenn die Natur ihr Gesicht ver\u00e4ndert Der \u00c4tna ist zu jeder Jahreszeit eine Reise wert \u2013 doch im Herbst zeigt er sich von seiner farbenpr\u00e4chtigsten und ruhigsten Seite. Die W\u00e4lder leuchten in warmen T\u00f6nen von Rot, Orange und Gold und bilden einen faszinierenden Kontrast zum schwarzen Lavagestein.An den Nordh\u00e4ngen wechseln sich [&hellip;]<\/p>\n","protected":false},"author":1,"featured_media":30362,"comment_status":"closed","ping_status":"open","sticky":false,"template":"","format":"standard","meta":{"footnotes":""},"categories":[27],"tags":[26,29],"class_list":["post-20956","post","type-post","status-publish","format-standard","has-post-thumbnail","hentry","category-blog","tag-aetna","tag-natur"],"yoast_head":"<!-- This site is optimized with the Yoast SEO plugin v27.1.1 - https:\/\/yoast.com\/product\/yoast-seo-wordpress\/ -->\n<title>Der \u00c4tna im Herbst - Etna Way<\/title>\n<meta name=\"robots\" content=\"index, follow, max-snippet:-1, max-image-preview:large, max-video-preview:-1\" \/>\n<link rel=\"canonical\" href=\"https:\/\/etnaway.com\/de\/der-aetna-im-herbst\/\" \/>\n<meta property=\"og:locale\" content=\"de_DE\" \/>\n<meta property=\"og:type\" content=\"article\" \/>\n<meta property=\"og:title\" content=\"Der \u00c4tna im Herbst - Etna Way\" \/>\n<meta property=\"og:description\" content=\"Der \u00c4tna im Herbst: Wenn die Natur ihr Gesicht ver\u00e4ndert Der \u00c4tna ist zu jeder Jahreszeit eine Reise wert \u2013 doch im Herbst zeigt er sich von seiner farbenpr\u00e4chtigsten und ruhigsten Seite. Die W\u00e4lder leuchten in warmen T\u00f6nen von Rot, Orange und Gold und bilden einen faszinierenden Kontrast zum schwarzen Lavagestein.An den Nordh\u00e4ngen wechseln sich [&hellip;]\" \/>\n<meta property=\"og:url\" content=\"https:\/\/etnaway.com\/de\/der-aetna-im-herbst\/\" \/>\n<meta property=\"og:site_name\" content=\"Etna Way\" \/>\n<meta property=\"article:publisher\" content=\"https:\/\/www.facebook.com\/etnawaytour\" \/>\n<meta property=\"article:published_time\" content=\"2022-10-27T05:00:00+00:00\" \/>\n<meta property=\"article:modified_time\" content=\"2025-10-21T08:21:54+00:00\" \/>\n<meta property=\"og:image\" content=\"https:\/\/etnaway.com\/wp-content\/uploads\/2024\/02\/Aetna-im-Herbst-Buchenwald.webp\" \/>\n\t<meta property=\"og:image:width\" content=\"1200\" \/>\n\t<meta property=\"og:image:height\" content=\"900\" \/>\n\t<meta property=\"og:image:type\" content=\"image\/webp\" \/>\n<meta name=\"author\" content=\"alberto\" \/>\n<meta name=\"twitter:card\" content=\"summary_large_image\" \/>\n<meta name=\"twitter:label1\" content=\"Verfasst von\" \/>\n\t<meta name=\"twitter:data1\" content=\"alberto\" \/>\n\t<meta name=\"twitter:label2\" content=\"Gesch\u00e4tzte Lesezeit\" \/>\n\t<meta name=\"twitter:data2\" content=\"5\u00a0Minuten\" \/>\n<script type=\"application\/ld+json\" class=\"yoast-schema-graph\">{\"@context\":\"https:\/\/schema.org\",\"@graph\":[{\"@type\":\"Article\",\"@id\":\"https:\/\/etnaway.com\/de\/der-aetna-im-herbst\/#article\",\"isPartOf\":{\"@id\":\"https:\/\/etnaway.com\/de\/der-aetna-im-herbst\/\"},\"author\":{\"name\":\"alberto\",\"@id\":\"https:\/\/etnaway.com\/#\/schema\/person\/50d3305358f2986c5c5b83b8a6199c76\"},\"headline\":\"Der \u00c4tna im Herbst\",\"datePublished\":\"2022-10-27T05:00:00+00:00\",\"dateModified\":\"2025-10-21T08:21:54+00:00\",\"mainEntityOfPage\":{\"@id\":\"https:\/\/etnaway.com\/de\/der-aetna-im-herbst\/\"},\"wordCount\":902,\"publisher\":{\"@id\":\"https:\/\/etnaway.com\/#organization\"},\"image\":{\"@id\":\"https:\/\/etnaway.com\/de\/der-aetna-im-herbst\/#primaryimage\"},\"thumbnailUrl\":\"https:\/\/etnaway.com\/wp-content\/uploads\/2024\/02\/Aetna-im-Herbst-Buchenwald.webp\",\"keywords\":[\"\u00c4tna\",\"Natur\"],\"articleSection\":[\"Blog\"],\"inLanguage\":\"de\"},{\"@type\":\"WebPage\",\"@id\":\"https:\/\/etnaway.com\/de\/der-aetna-im-herbst\/\",\"url\":\"https:\/\/etnaway.com\/de\/der-aetna-im-herbst\/\",\"name\":\"Der \u00c4tna im Herbst - Etna Way\",\"isPartOf\":{\"@id\":\"https:\/\/etnaway.com\/#website\"},\"primaryImageOfPage\":{\"@id\":\"https:\/\/etnaway.com\/de\/der-aetna-im-herbst\/#primaryimage\"},\"image\":{\"@id\":\"https:\/\/etnaway.com\/de\/der-aetna-im-herbst\/#primaryimage\"},\"thumbnailUrl\":\"https:\/\/etnaway.com\/wp-content\/uploads\/2024\/02\/Aetna-im-Herbst-Buchenwald.webp\",\"datePublished\":\"2022-10-27T05:00:00+00:00\",\"dateModified\":\"2025-10-21T08:21:54+00:00\",\"breadcrumb\":{\"@id\":\"https:\/\/etnaway.com\/de\/der-aetna-im-herbst\/#breadcrumb\"},\"inLanguage\":\"de\",\"potentialAction\":[{\"@type\":\"ReadAction\",\"target\":[\"https:\/\/etnaway.com\/de\/der-aetna-im-herbst\/\"]}]},{\"@type\":\"ImageObject\",\"inLanguage\":\"de\",\"@id\":\"https:\/\/etnaway.com\/de\/der-aetna-im-herbst\/#primaryimage\",\"url\":\"https:\/\/etnaway.com\/wp-content\/uploads\/2024\/02\/Aetna-im-Herbst-Buchenwald.webp\",\"contentUrl\":\"https:\/\/etnaway.com\/wp-content\/uploads\/2024\/02\/Aetna-im-Herbst-Buchenwald.webp\",\"width\":1200,\"height\":900,\"caption\":\"Der \u00c4tna im Herbst: rot-braunes Farbenspiel neben schwarzen Lavafl\u00fcssen\"},{\"@type\":\"BreadcrumbList\",\"@id\":\"https:\/\/etnaway.com\/de\/der-aetna-im-herbst\/#breadcrumb\",\"itemListElement\":[{\"@type\":\"ListItem\",\"position\":1,\"name\":\"Home\",\"item\":\"https:\/\/etnaway.com\/de\/etna-way-unvergessliche-touren-auf-dem-hoechsten-aktiven-vulkan-europas\/\"},{\"@type\":\"ListItem\",\"position\":2,\"name\":\"Der \u00c4tna im Herbst\"}]},{\"@type\":\"WebSite\",\"@id\":\"https:\/\/etnaway.com\/#website\",\"url\":\"https:\/\/etnaway.com\/\",\"name\":\"EtnaWay\",\"description\":\"\",\"publisher\":{\"@id\":\"https:\/\/etnaway.com\/#organization\"},\"potentialAction\":[{\"@type\":\"SearchAction\",\"target\":{\"@type\":\"EntryPoint\",\"urlTemplate\":\"https:\/\/etnaway.com\/?s={search_term_string}\"},\"query-input\":{\"@type\":\"PropertyValueSpecification\",\"valueRequired\":true,\"valueName\":\"search_term_string\"}}],\"inLanguage\":\"de\"},{\"@type\":\"Organization\",\"@id\":\"https:\/\/etnaway.com\/#organization\",\"name\":\"EtnaWay\",\"url\":\"https:\/\/etnaway.com\/\",\"logo\":{\"@type\":\"ImageObject\",\"inLanguage\":\"de\",\"@id\":\"https:\/\/etnaway.com\/#\/schema\/logo\/image\/\",\"url\":\"https:\/\/etnaway.com\/wp-content\/uploads\/2025\/01\/etna-way-logo.png\",\"contentUrl\":\"https:\/\/etnaway.com\/wp-content\/uploads\/2025\/01\/etna-way-logo.png\",\"width\":233,\"height\":132,\"caption\":\"EtnaWay\"},\"image\":{\"@id\":\"https:\/\/etnaway.com\/#\/schema\/logo\/image\/\"},\"sameAs\":[\"https:\/\/www.facebook.com\/etnawaytour\"]},{\"@type\":\"Person\",\"@id\":\"https:\/\/etnaway.com\/#\/schema\/person\/50d3305358f2986c5c5b83b8a6199c76\",\"name\":\"alberto\",\"sameAs\":[\"https:\/\/etnaway.com\"],\"url\":\"https:\/\/etnaway.com\/de\/author\/alberto\/\"}]}<\/script>\n<!-- \/ Yoast SEO plugin. -->","yoast_head_json":{"title":"Der \u00c4tna im Herbst - Etna Way","robots":{"index":"index","follow":"follow","max-snippet":"max-snippet:-1","max-image-preview":"max-image-preview:large","max-video-preview":"max-video-preview:-1"},"canonical":"https:\/\/etnaway.com\/de\/der-aetna-im-herbst\/","og_locale":"de_DE","og_type":"article","og_title":"Der \u00c4tna im Herbst - Etna Way","og_description":"Der \u00c4tna im Herbst: Wenn die Natur ihr Gesicht ver\u00e4ndert Der \u00c4tna ist zu jeder Jahreszeit eine Reise wert \u2013 doch im Herbst zeigt er sich von seiner farbenpr\u00e4chtigsten und ruhigsten Seite. Die W\u00e4lder leuchten in warmen T\u00f6nen von Rot, Orange und Gold und bilden einen faszinierenden Kontrast zum schwarzen Lavagestein.An den Nordh\u00e4ngen wechseln sich [&hellip;]","og_url":"https:\/\/etnaway.com\/de\/der-aetna-im-herbst\/","og_site_name":"Etna Way","article_publisher":"https:\/\/www.facebook.com\/etnawaytour","article_published_time":"2022-10-27T05:00:00+00:00","article_modified_time":"2025-10-21T08:21:54+00:00","og_image":[{"width":1200,"height":900,"url":"https:\/\/etnaway.com\/wp-content\/uploads\/2024\/02\/Aetna-im-Herbst-Buchenwald.webp","type":"image\/webp"}],"author":"alberto","twitter_card":"summary_large_image","twitter_misc":{"Verfasst von":"alberto","Gesch\u00e4tzte Lesezeit":"5\u00a0Minuten"},"schema":{"@context":"https:\/\/schema.org","@graph":[{"@type":"Article","@id":"https:\/\/etnaway.com\/de\/der-aetna-im-herbst\/#article","isPartOf":{"@id":"https:\/\/etnaway.com\/de\/der-aetna-im-herbst\/"},"author":{"name":"alberto","@id":"https:\/\/etnaway.com\/#\/schema\/person\/50d3305358f2986c5c5b83b8a6199c76"},"headline":"Der \u00c4tna im Herbst","datePublished":"2022-10-27T05:00:00+00:00","dateModified":"2025-10-21T08:21:54+00:00","mainEntityOfPage":{"@id":"https:\/\/etnaway.com\/de\/der-aetna-im-herbst\/"},"wordCount":902,"publisher":{"@id":"https:\/\/etnaway.com\/#organization"},"image":{"@id":"https:\/\/etnaway.com\/de\/der-aetna-im-herbst\/#primaryimage"},"thumbnailUrl":"https:\/\/etnaway.com\/wp-content\/uploads\/2024\/02\/Aetna-im-Herbst-Buchenwald.webp","keywords":["\u00c4tna","Natur"],"articleSection":["Blog"],"inLanguage":"de"},{"@type":"WebPage","@id":"https:\/\/etnaway.com\/de\/der-aetna-im-herbst\/","url":"https:\/\/etnaway.com\/de\/der-aetna-im-herbst\/","name":"Der \u00c4tna im Herbst - Etna Way","isPartOf":{"@id":"https:\/\/etnaway.com\/#website"},"primaryImageOfPage":{"@id":"https:\/\/etnaway.com\/de\/der-aetna-im-herbst\/#primaryimage"},"image":{"@id":"https:\/\/etnaway.com\/de\/der-aetna-im-herbst\/#primaryimage"},"thumbnailUrl":"https:\/\/etnaway.com\/wp-content\/uploads\/2024\/02\/Aetna-im-Herbst-Buchenwald.webp","datePublished":"2022-10-27T05:00:00+00:00","dateModified":"2025-10-21T08:21:54+00:00","breadcrumb":{"@id":"https:\/\/etnaway.com\/de\/der-aetna-im-herbst\/#breadcrumb"},"inLanguage":"de","potentialAction":[{"@type":"ReadAction","target":["https:\/\/etnaway.com\/de\/der-aetna-im-herbst\/"]}]},{"@type":"ImageObject","inLanguage":"de","@id":"https:\/\/etnaway.com\/de\/der-aetna-im-herbst\/#primaryimage","url":"https:\/\/etnaway.com\/wp-content\/uploads\/2024\/02\/Aetna-im-Herbst-Buchenwald.webp","contentUrl":"https:\/\/etnaway.com\/wp-content\/uploads\/2024\/02\/Aetna-im-Herbst-Buchenwald.webp","width":1200,"height":900,"caption":"Der \u00c4tna im Herbst: rot-braunes Farbenspiel neben schwarzen Lavafl\u00fcssen"},{"@type":"BreadcrumbList","@id":"https:\/\/etnaway.com\/de\/der-aetna-im-herbst\/#breadcrumb","itemListElement":[{"@type":"ListItem","position":1,"name":"Home","item":"https:\/\/etnaway.com\/de\/etna-way-unvergessliche-touren-auf-dem-hoechsten-aktiven-vulkan-europas\/"},{"@type":"ListItem","position":2,"name":"Der \u00c4tna im Herbst"}]},{"@type":"WebSite","@id":"https:\/\/etnaway.com\/#website","url":"https:\/\/etnaway.com\/","name":"EtnaWay","description":"","publisher":{"@id":"https:\/\/etnaway.com\/#organization"},"potentialAction":[{"@type":"SearchAction","target":{"@type":"EntryPoint","urlTemplate":"https:\/\/etnaway.com\/?s={search_term_string}"},"query-input":{"@type":"PropertyValueSpecification","valueRequired":true,"valueName":"search_term_string"}}],"inLanguage":"de"},{"@type":"Organization","@id":"https:\/\/etnaway.com\/#organization","name":"EtnaWay","url":"https:\/\/etnaway.com\/","logo":{"@type":"ImageObject","inLanguage":"de","@id":"https:\/\/etnaway.com\/#\/schema\/logo\/image\/","url":"https:\/\/etnaway.com\/wp-content\/uploads\/2025\/01\/etna-way-logo.png","contentUrl":"https:\/\/etnaway.com\/wp-content\/uploads\/2025\/01\/etna-way-logo.png","width":233,"height":132,"caption":"EtnaWay"},"image":{"@id":"https:\/\/etnaway.com\/#\/schema\/logo\/image\/"},"sameAs":["https:\/\/www.facebook.com\/etnawaytour"]},{"@type":"Person","@id":"https:\/\/etnaway.com\/#\/schema\/person\/50d3305358f2986c5c5b83b8a6199c76","name":"alberto","sameAs":["https:\/\/etnaway.com"],"url":"https:\/\/etnaway.com\/de\/author\/alberto\/"}]}},"_links":{"self":[{"href":"https:\/\/etnaway.com\/de\/wp-json\/wp\/v2\/posts\/20956","targetHints":{"allow":["GET"]}}],"collection":[{"href":"https:\/\/etnaway.com\/de\/wp-json\/wp\/v2\/posts"}],"about":[{"href":"https:\/\/etnaway.com\/de\/wp-json\/wp\/v2\/types\/post"}],"author":[{"embeddable":true,"href":"https:\/\/etnaway.com\/de\/wp-json\/wp\/v2\/users\/1"}],"replies":[{"embeddable":true,"href":"https:\/\/etnaway.com\/de\/wp-json\/wp\/v2\/comments?post=20956"}],"version-history":[{"count":3,"href":"https:\/\/etnaway.com\/de\/wp-json\/wp\/v2\/posts\/20956\/revisions"}],"predecessor-version":[{"id":23951840,"href":"https:\/\/etnaway.com\/de\/wp-json\/wp\/v2\/posts\/20956\/revisions\/23951840"}],"wp:featuredmedia":[{"embeddable":true,"href":"https:\/\/etnaway.com\/de\/wp-json\/wp\/v2\/media\/30362"}],"wp:attachment":[{"href":"https:\/\/etnaway.com\/de\/wp-json\/wp\/v2\/media?parent=20956"}],"wp:term":[{"taxonomy":"category","embeddable":true,"href":"https:\/\/etnaway.com\/de\/wp-json\/wp\/v2\/categories?post=20956"},{"taxonomy":"post_tag","embeddable":true,"href":"https:\/\/etnaway.com\/de\/wp-json\/wp\/v2\/tags?post=20956"}],"curies":[{"name":"wp","href":"https:\/\/api.w.org\/{rel}","templated":true}]}}