{"id":11180,"date":"2022-04-03T09:00:00","date_gmt":"2022-04-03T07:00:00","guid":{"rendered":"https:\/\/etnaway.com\/?p=11180"},"modified":"2025-02-05T09:33:16","modified_gmt":"2025-02-05T08:33:16","slug":"das-valle-del-bove","status":"publish","type":"post","link":"https:\/\/etnaway.com\/de\/das-valle-del-bove\/","title":{"rendered":"Das Valle del Bove"},"content":{"rendered":"<p>Das Valle del Bove (Tal des Ochsen) ist ein riesiges Tal von ca. 5 km Breite und ca. 7 km L\u00e4nge (insgesamt 37 Quadratkilometer) an der Ostseite des \u00c4tna, also zum Meer hin. Die R\u00e4nder des Tals sind bis zu 1.000 Meter hoch und fallen teilweise senkrecht ab.<\/p>\n<h2>Die Entstehung des Valle del Bove<\/h2>\n<p>Dieses imposante Tal entstand neuesten Forschungen zufolge vor etwa 8.000 Jahren. Der damalige Gipfel (der ungef\u00e4hr 3.700 Meter hochgewesen sein soll) st\u00fcrzte in Folge von Explosionen und Eruptionen ein, die Gesteinsmassen rollten in das Meer und lie\u00dfen diese gewaltige &#8222;Wunde&#8220; am Vulkan zur\u00fcck. Unklar ist, ob das Tal durch einen einzigen Einsturz entstand oder durch mehrere, laut der letzten Theorien waren es zwei, einer vor 10.000 und einer vor 8.000 Jahren.<\/p>\n<p>Auch heute kann man noch die damalige Struktur des Vulkans erahnen: Wenn man den \u00c4tna von Osten, z.B. von Giarre oder Riposto aus betrachtet, erkennt man, dass die R\u00e4nder des Tals nicht bis zum Hauptkrater verlaufen, sondern schon zuvor in zwei Vorgebirgen enden: dem Pizzi Deneri (2850 m) im Norden und dem Montagnola (2613 m) im S\u00fcden. Diese sind durch Hochebenen, den Piano delle Concazze bzw. den Piano del Lago, noch deutlich vom Hauptkrater getrennt.<\/p>\n<h2>Das besondere Mikroklima an der Ostseite<\/h2>\n<p>Das Valle del Bove war lange Zeit eine gr\u00fcne Oase auf diesem steinernen Riesen, voll mit \u00fcppigen W\u00e4ldern und Wiesen, auf denen die Hirten ihre Schafe h\u00fcteten und Obst angebaut wurde. Daher stammt wohl auch der Name des Tals (restlos gekl\u00e4rt ist das aber nicht). Grund daf\u00fcr ist das einzigartige Klima, das an der Ostseite des Vulkans herrscht: die Sonne w\u00e4rmt jeden Morgen die schwarze Erde des Vulkans, die hei\u00dfe Luft steigt empor. Auf der Ostseite kommt feuchte Luft vom Meer nach, welche mit zunehmender H\u00f6he abk\u00fchlt. Kalte Luft kann nicht mehr die gleiche Menge an Feuchtigkeit aufnehmen. So kondensiert die Feuchtigkeit und es bilden sich Wolken, die Schatten und Niederschlag bringen. In diesem besonderen Mikroklima gedeihen Pflanzen, die normalerweise erst viel weiter n\u00f6rdlich zu finden sind, wie \u00c4pfel, Birnen, Kastanien oder Haseln\u00fcsse.<\/p>\n<p>Doch durch mehrere Ausbr\u00fcche des S\u00fcd\u00f6stlichen Kraters, beginnend im Jahr 1971, wurde das Tal fast vollst\u00e4ndig von den Lavafl\u00fcssen bedeckt, sodass es heute eine schwarze Steinw\u00fcste ist.<br \/>\nErst beim <a title=\"Ausbruch in den Jahren 1991 bis 1993\" href=\"https:\/\/etnaway.com\/de\/der-ausbruch-von-1991-93\/\">Ausbruch in den Jahren 1991 bis 1993<\/a> wurde das an das Valle del Bove angrenzende, tiefer gelegene Tal Val Calanna durch einen Lavastrom verw\u00fcstet, der sich bis nach Zafferana fortsetzte, dort das erste Haus zerst\u00f6rte und gl\u00fccklicherweise vor dem zweiten Haus stoppte.<br \/>\nAuch heute noch ergie\u00dfen sich die Lavastr\u00f6me aus dem S\u00fcd\u00f6stlichen Krater zum Gl\u00fcck oft in das Valle del Bove, wo sie keinen Schaden anrichten k\u00f6nnen.<\/p>\n<h2>Geologische Besonderheiten<\/h2>\n<p>F\u00fcr Vulkanologen ist das Valle del Bove ein wahrer Schatz. An den W\u00e4nden des Tals erkennt man die unz\u00e4hligen Schichten von Lava. Durch den Einsturz des Gipfels wurden diese freigelegt und machen somit die Geschichte des \u00c4tna frei zug\u00e4nglich.<\/p>\n<p>Eine geologische Formation kann man im Valle del Bove besonders gut erkennen: sogenannte Dikes (auch Dykes). Diese freistehenden, senkrechten W\u00e4nde aus Lava entstehen folgenderma\u00dfen: bei einer Eruption bilden sich Spalten im Boden und f\u00fcllen sich mit der aufsteigenden, hei\u00dfen Lava. Nach dem Ausbruch beginnt diese Lava abzuk\u00fchlen. Da Lava ein schlechter W\u00e4rmeleiter ist, kann die W\u00e4rme nicht an das umliegende Gestein abgegeben werden, sondern nur nach oben, an die Luft. Die Lava in den Spalten k\u00fchlt daher extrem langsam ab; noch Jahrzehnte nach einem Ausbruch kann man die W\u00e4rme an der Oberfl\u00e4che sp\u00fcren. Wenn Lava langsam abk\u00fchlt, wird sie sehr hart, h\u00e4rter als die umgebenden Gesteinsschichten. Wenn nun durch Erosion die Erde wieder abgetragen wird, bleibt diese extrem harte Lava bestehen und bildet die bizarren Skulpturen, die Du auf den folgenden Bildern sehen kannst.<\/p>\n<p><img fetchpriority=\"high\" decoding=\"async\" class=\"wp-image-11200 alignnone size-full\" style=\"display: block; margin-left: auto; margin-right: auto;\" src=\"https:\/\/etnaway.com\/wp-content\/uploads\/2022\/03\/Dikes-2.jpg\" alt=\"Dikes im Valle del Bove\" width=\"800\" height=\"489\" \/><\/p>\n<p><img decoding=\"async\" class=\"wp-image-11187 alignnone size-full\" style=\"display: block; margin-left: auto; margin-right: auto;\" src=\"https:\/\/etnaway.com\/wp-content\/uploads\/2022\/03\/Dikes_Nahaufnahme.jpg\" alt=\"Dikes im Valle del Bove aus der N\u00e4he\" width=\"800\" height=\"489\" \/><\/p>\n<p>Die einzigen zwei Krater, die man im Valle del Bove sieht, sind der Monte Centenari und der Monte Simone.<\/p>\n<h2>Wie kann man das Valle del Bove erwandern?<\/h2>\n<p>Das Tal kann von Nordosten her, von der Stra\u00dfe Mareneve kommend, mit einem Jeep erreicht werden. Zumindest ein kurzes St\u00fcck kann man in das Tal und \u00fcber einen Lavastrom hineinfahren. Dann geht es nur mehr zu Fu\u00df am \u201eSentiero di Saro Ruspa\u201c weiter.<\/p>\n<p>Dieser Weg ist nach einem Baggerfahrer benannt, der beim Ausbruch von 1991 bis 1993 mit unerm\u00fcdlicher Arbeit versuchte den Lavastrom, der sich auf Zafferana zubewegte, aufzuhalten. Sein Bagger kippte bei den Arbeiten in den Lavastrom. Wie durch ein Wunder konnte Saro Ruspa entkommen und \u00fcberlebte.<\/p>\n<p>Wirklich beeindruckend ist diese einzigartige Formation aber nur, wenn man sie von oben, also vom Rand des Tales betrachtet.<\/p>\n<p>Wir kommen bei unseren Touren entweder von S\u00fcden (<a title=\"\u00c4tna S\u00fcd Tour\" href=\"https:\/\/etnaway.com\/?p=344\">\u00c4tna S\u00fcd Tour<\/a>) oder Norden (<a title=\"\u00c4tna Trekking Tour\" href=\"https:\/\/etnaway.com\/?p=351\">\u00c4tna Trekking Tour<\/a>) bis zum Tal Valle del Bove, stehen direkt vor dem Abgrund und blicken so von den Gipfelkratern \u00fcber diese gewaltige Einkerbung bis zum Meer.<\/p>\n","protected":false},"excerpt":{"rendered":"<p>Das Valle del Bove (Tal des Ochsen) ist ein riesiges Tal von ca. 5 km Breite und ca. 7 km L\u00e4nge (insgesamt 37 Quadratkilometer) an der Ostseite des \u00c4tna, also zum Meer hin. Die R\u00e4nder des Tals sind bis zu 1.000 Meter hoch und fallen teilweise senkrecht ab. Die Entstehung des Valle del Bove Dieses [&hellip;]<\/p>\n","protected":false},"author":1,"featured_media":11181,"comment_status":"open","ping_status":"open","sticky":false,"template":"","format":"standard","meta":{"footnotes":""},"categories":[],"tags":[],"class_list":["post-11180","post","type-post","status-publish","format-standard","has-post-thumbnail","hentry"],"yoast_head":"<!-- This site is optimized with the Yoast SEO plugin v27.1.1 - https:\/\/yoast.com\/product\/yoast-seo-wordpress\/ -->\n<title>Das Valle del Bove - Etna Way<\/title>\n<meta name=\"robots\" content=\"index, follow, max-snippet:-1, max-image-preview:large, max-video-preview:-1\" \/>\n<link rel=\"canonical\" href=\"https:\/\/etnaway.com\/de\/das-valle-del-bove\/\" \/>\n<meta property=\"og:locale\" content=\"de_DE\" \/>\n<meta property=\"og:type\" content=\"article\" \/>\n<meta property=\"og:title\" content=\"Das Valle del Bove - Etna Way\" \/>\n<meta property=\"og:description\" content=\"Das Valle del Bove (Tal des Ochsen) ist ein riesiges Tal von ca. 5 km Breite und ca. 7 km L\u00e4nge (insgesamt 37 Quadratkilometer) an der Ostseite des \u00c4tna, also zum Meer hin. Die R\u00e4nder des Tals sind bis zu 1.000 Meter hoch und fallen teilweise senkrecht ab. Die Entstehung des Valle del Bove Dieses [&hellip;]\" \/>\n<meta property=\"og:url\" content=\"https:\/\/etnaway.com\/de\/das-valle-del-bove\/\" \/>\n<meta property=\"og:site_name\" content=\"Etna Way\" \/>\n<meta property=\"article:publisher\" content=\"https:\/\/www.facebook.com\/etnawaytour\" \/>\n<meta property=\"article:published_time\" content=\"2022-04-03T07:00:00+00:00\" \/>\n<meta property=\"article:modified_time\" content=\"2025-02-05T08:33:16+00:00\" \/>\n<meta property=\"og:image\" content=\"https:\/\/etnaway.com\/wp-content\/uploads\/2022\/03\/Valle-Del-Bove.jpg\" \/>\n\t<meta property=\"og:image:width\" content=\"1200\" \/>\n\t<meta property=\"og:image:height\" content=\"900\" \/>\n\t<meta property=\"og:image:type\" content=\"image\/jpeg\" \/>\n<meta name=\"author\" content=\"alberto\" \/>\n<meta name=\"twitter:card\" content=\"summary_large_image\" \/>\n<meta name=\"twitter:label1\" content=\"Verfasst von\" \/>\n\t<meta name=\"twitter:data1\" content=\"alberto\" \/>\n\t<meta name=\"twitter:label2\" content=\"Gesch\u00e4tzte Lesezeit\" \/>\n\t<meta name=\"twitter:data2\" content=\"4\u00a0Minuten\" \/>\n<script type=\"application\/ld+json\" class=\"yoast-schema-graph\">{\"@context\":\"https:\/\/schema.org\",\"@graph\":[{\"@type\":\"Article\",\"@id\":\"https:\/\/etnaway.com\/de\/das-valle-del-bove\/#article\",\"isPartOf\":{\"@id\":\"https:\/\/etnaway.com\/de\/das-valle-del-bove\/\"},\"author\":{\"name\":\"alberto\",\"@id\":\"https:\/\/etnaway.com\/#\/schema\/person\/50d3305358f2986c5c5b83b8a6199c76\"},\"headline\":\"Das Valle del Bove\",\"datePublished\":\"2022-04-03T07:00:00+00:00\",\"dateModified\":\"2025-02-05T08:33:16+00:00\",\"mainEntityOfPage\":{\"@id\":\"https:\/\/etnaway.com\/de\/das-valle-del-bove\/\"},\"wordCount\":830,\"commentCount\":0,\"publisher\":{\"@id\":\"https:\/\/etnaway.com\/#organization\"},\"image\":{\"@id\":\"https:\/\/etnaway.com\/de\/das-valle-del-bove\/#primaryimage\"},\"thumbnailUrl\":\"https:\/\/etnaway.com\/wp-content\/uploads\/2022\/03\/Valle-Del-Bove.jpg\",\"inLanguage\":\"de\",\"potentialAction\":[{\"@type\":\"CommentAction\",\"name\":\"Comment\",\"target\":[\"https:\/\/etnaway.com\/de\/das-valle-del-bove\/#respond\"]}]},{\"@type\":\"WebPage\",\"@id\":\"https:\/\/etnaway.com\/de\/das-valle-del-bove\/\",\"url\":\"https:\/\/etnaway.com\/de\/das-valle-del-bove\/\",\"name\":\"Das Valle del Bove - Etna Way\",\"isPartOf\":{\"@id\":\"https:\/\/etnaway.com\/#website\"},\"primaryImageOfPage\":{\"@id\":\"https:\/\/etnaway.com\/de\/das-valle-del-bove\/#primaryimage\"},\"image\":{\"@id\":\"https:\/\/etnaway.com\/de\/das-valle-del-bove\/#primaryimage\"},\"thumbnailUrl\":\"https:\/\/etnaway.com\/wp-content\/uploads\/2022\/03\/Valle-Del-Bove.jpg\",\"datePublished\":\"2022-04-03T07:00:00+00:00\",\"dateModified\":\"2025-02-05T08:33:16+00:00\",\"breadcrumb\":{\"@id\":\"https:\/\/etnaway.com\/de\/das-valle-del-bove\/#breadcrumb\"},\"inLanguage\":\"de\",\"potentialAction\":[{\"@type\":\"ReadAction\",\"target\":[\"https:\/\/etnaway.com\/de\/das-valle-del-bove\/\"]}]},{\"@type\":\"ImageObject\",\"inLanguage\":\"de\",\"@id\":\"https:\/\/etnaway.com\/de\/das-valle-del-bove\/#primaryimage\",\"url\":\"https:\/\/etnaway.com\/wp-content\/uploads\/2022\/03\/Valle-Del-Bove.jpg\",\"contentUrl\":\"https:\/\/etnaway.com\/wp-content\/uploads\/2022\/03\/Valle-Del-Bove.jpg\",\"width\":1200,\"height\":900,\"caption\":\"Bei unserer \u00c4tna Nord Tour wandern wir \u00fcber den Wolken, am Rande des Valle del Bove\"},{\"@type\":\"BreadcrumbList\",\"@id\":\"https:\/\/etnaway.com\/de\/das-valle-del-bove\/#breadcrumb\",\"itemListElement\":[{\"@type\":\"ListItem\",\"position\":1,\"name\":\"Home\",\"item\":\"https:\/\/etnaway.com\/de\/etna-way-unvergessliche-touren-auf-dem-hoechsten-aktiven-vulkan-europas\/\"},{\"@type\":\"ListItem\",\"position\":2,\"name\":\"Das Valle del Bove\"}]},{\"@type\":\"WebSite\",\"@id\":\"https:\/\/etnaway.com\/#website\",\"url\":\"https:\/\/etnaway.com\/\",\"name\":\"EtnaWay\",\"description\":\"\",\"publisher\":{\"@id\":\"https:\/\/etnaway.com\/#organization\"},\"potentialAction\":[{\"@type\":\"SearchAction\",\"target\":{\"@type\":\"EntryPoint\",\"urlTemplate\":\"https:\/\/etnaway.com\/?s={search_term_string}\"},\"query-input\":{\"@type\":\"PropertyValueSpecification\",\"valueRequired\":true,\"valueName\":\"search_term_string\"}}],\"inLanguage\":\"de\"},{\"@type\":\"Organization\",\"@id\":\"https:\/\/etnaway.com\/#organization\",\"name\":\"EtnaWay\",\"url\":\"https:\/\/etnaway.com\/\",\"logo\":{\"@type\":\"ImageObject\",\"inLanguage\":\"de\",\"@id\":\"https:\/\/etnaway.com\/#\/schema\/logo\/image\/\",\"url\":\"https:\/\/etnaway.com\/wp-content\/uploads\/2025\/01\/etna-way-logo.png\",\"contentUrl\":\"https:\/\/etnaway.com\/wp-content\/uploads\/2025\/01\/etna-way-logo.png\",\"width\":233,\"height\":132,\"caption\":\"EtnaWay\"},\"image\":{\"@id\":\"https:\/\/etnaway.com\/#\/schema\/logo\/image\/\"},\"sameAs\":[\"https:\/\/www.facebook.com\/etnawaytour\"]},{\"@type\":\"Person\",\"@id\":\"https:\/\/etnaway.com\/#\/schema\/person\/50d3305358f2986c5c5b83b8a6199c76\",\"name\":\"alberto\",\"sameAs\":[\"https:\/\/etnaway.com\"],\"url\":\"https:\/\/etnaway.com\/de\/author\/alberto\/\"}]}<\/script>\n<!-- \/ Yoast SEO plugin. -->","yoast_head_json":{"title":"Das Valle del Bove - Etna Way","robots":{"index":"index","follow":"follow","max-snippet":"max-snippet:-1","max-image-preview":"max-image-preview:large","max-video-preview":"max-video-preview:-1"},"canonical":"https:\/\/etnaway.com\/de\/das-valle-del-bove\/","og_locale":"de_DE","og_type":"article","og_title":"Das Valle del Bove - Etna Way","og_description":"Das Valle del Bove (Tal des Ochsen) ist ein riesiges Tal von ca. 5 km Breite und ca. 7 km L\u00e4nge (insgesamt 37 Quadratkilometer) an der Ostseite des \u00c4tna, also zum Meer hin. Die R\u00e4nder des Tals sind bis zu 1.000 Meter hoch und fallen teilweise senkrecht ab. Die Entstehung des Valle del Bove Dieses [&hellip;]","og_url":"https:\/\/etnaway.com\/de\/das-valle-del-bove\/","og_site_name":"Etna Way","article_publisher":"https:\/\/www.facebook.com\/etnawaytour","article_published_time":"2022-04-03T07:00:00+00:00","article_modified_time":"2025-02-05T08:33:16+00:00","og_image":[{"width":1200,"height":900,"url":"https:\/\/etnaway.com\/wp-content\/uploads\/2022\/03\/Valle-Del-Bove.jpg","type":"image\/jpeg"}],"author":"alberto","twitter_card":"summary_large_image","twitter_misc":{"Verfasst von":"alberto","Gesch\u00e4tzte Lesezeit":"4\u00a0Minuten"},"schema":{"@context":"https:\/\/schema.org","@graph":[{"@type":"Article","@id":"https:\/\/etnaway.com\/de\/das-valle-del-bove\/#article","isPartOf":{"@id":"https:\/\/etnaway.com\/de\/das-valle-del-bove\/"},"author":{"name":"alberto","@id":"https:\/\/etnaway.com\/#\/schema\/person\/50d3305358f2986c5c5b83b8a6199c76"},"headline":"Das Valle del Bove","datePublished":"2022-04-03T07:00:00+00:00","dateModified":"2025-02-05T08:33:16+00:00","mainEntityOfPage":{"@id":"https:\/\/etnaway.com\/de\/das-valle-del-bove\/"},"wordCount":830,"commentCount":0,"publisher":{"@id":"https:\/\/etnaway.com\/#organization"},"image":{"@id":"https:\/\/etnaway.com\/de\/das-valle-del-bove\/#primaryimage"},"thumbnailUrl":"https:\/\/etnaway.com\/wp-content\/uploads\/2022\/03\/Valle-Del-Bove.jpg","inLanguage":"de","potentialAction":[{"@type":"CommentAction","name":"Comment","target":["https:\/\/etnaway.com\/de\/das-valle-del-bove\/#respond"]}]},{"@type":"WebPage","@id":"https:\/\/etnaway.com\/de\/das-valle-del-bove\/","url":"https:\/\/etnaway.com\/de\/das-valle-del-bove\/","name":"Das Valle del Bove - Etna Way","isPartOf":{"@id":"https:\/\/etnaway.com\/#website"},"primaryImageOfPage":{"@id":"https:\/\/etnaway.com\/de\/das-valle-del-bove\/#primaryimage"},"image":{"@id":"https:\/\/etnaway.com\/de\/das-valle-del-bove\/#primaryimage"},"thumbnailUrl":"https:\/\/etnaway.com\/wp-content\/uploads\/2022\/03\/Valle-Del-Bove.jpg","datePublished":"2022-04-03T07:00:00+00:00","dateModified":"2025-02-05T08:33:16+00:00","breadcrumb":{"@id":"https:\/\/etnaway.com\/de\/das-valle-del-bove\/#breadcrumb"},"inLanguage":"de","potentialAction":[{"@type":"ReadAction","target":["https:\/\/etnaway.com\/de\/das-valle-del-bove\/"]}]},{"@type":"ImageObject","inLanguage":"de","@id":"https:\/\/etnaway.com\/de\/das-valle-del-bove\/#primaryimage","url":"https:\/\/etnaway.com\/wp-content\/uploads\/2022\/03\/Valle-Del-Bove.jpg","contentUrl":"https:\/\/etnaway.com\/wp-content\/uploads\/2022\/03\/Valle-Del-Bove.jpg","width":1200,"height":900,"caption":"Bei unserer \u00c4tna Nord Tour wandern wir \u00fcber den Wolken, am Rande des Valle del Bove"},{"@type":"BreadcrumbList","@id":"https:\/\/etnaway.com\/de\/das-valle-del-bove\/#breadcrumb","itemListElement":[{"@type":"ListItem","position":1,"name":"Home","item":"https:\/\/etnaway.com\/de\/etna-way-unvergessliche-touren-auf-dem-hoechsten-aktiven-vulkan-europas\/"},{"@type":"ListItem","position":2,"name":"Das Valle del Bove"}]},{"@type":"WebSite","@id":"https:\/\/etnaway.com\/#website","url":"https:\/\/etnaway.com\/","name":"EtnaWay","description":"","publisher":{"@id":"https:\/\/etnaway.com\/#organization"},"potentialAction":[{"@type":"SearchAction","target":{"@type":"EntryPoint","urlTemplate":"https:\/\/etnaway.com\/?s={search_term_string}"},"query-input":{"@type":"PropertyValueSpecification","valueRequired":true,"valueName":"search_term_string"}}],"inLanguage":"de"},{"@type":"Organization","@id":"https:\/\/etnaway.com\/#organization","name":"EtnaWay","url":"https:\/\/etnaway.com\/","logo":{"@type":"ImageObject","inLanguage":"de","@id":"https:\/\/etnaway.com\/#\/schema\/logo\/image\/","url":"https:\/\/etnaway.com\/wp-content\/uploads\/2025\/01\/etna-way-logo.png","contentUrl":"https:\/\/etnaway.com\/wp-content\/uploads\/2025\/01\/etna-way-logo.png","width":233,"height":132,"caption":"EtnaWay"},"image":{"@id":"https:\/\/etnaway.com\/#\/schema\/logo\/image\/"},"sameAs":["https:\/\/www.facebook.com\/etnawaytour"]},{"@type":"Person","@id":"https:\/\/etnaway.com\/#\/schema\/person\/50d3305358f2986c5c5b83b8a6199c76","name":"alberto","sameAs":["https:\/\/etnaway.com"],"url":"https:\/\/etnaway.com\/de\/author\/alberto\/"}]}},"_links":{"self":[{"href":"https:\/\/etnaway.com\/de\/wp-json\/wp\/v2\/posts\/11180","targetHints":{"allow":["GET"]}}],"collection":[{"href":"https:\/\/etnaway.com\/de\/wp-json\/wp\/v2\/posts"}],"about":[{"href":"https:\/\/etnaway.com\/de\/wp-json\/wp\/v2\/types\/post"}],"author":[{"embeddable":true,"href":"https:\/\/etnaway.com\/de\/wp-json\/wp\/v2\/users\/1"}],"replies":[{"embeddable":true,"href":"https:\/\/etnaway.com\/de\/wp-json\/wp\/v2\/comments?post=11180"}],"version-history":[{"count":1,"href":"https:\/\/etnaway.com\/de\/wp-json\/wp\/v2\/posts\/11180\/revisions"}],"predecessor-version":[{"id":23946740,"href":"https:\/\/etnaway.com\/de\/wp-json\/wp\/v2\/posts\/11180\/revisions\/23946740"}],"wp:featuredmedia":[{"embeddable":true,"href":"https:\/\/etnaway.com\/de\/wp-json\/wp\/v2\/media\/11181"}],"wp:attachment":[{"href":"https:\/\/etnaway.com\/de\/wp-json\/wp\/v2\/media?parent=11180"}],"wp:term":[{"taxonomy":"category","embeddable":true,"href":"https:\/\/etnaway.com\/de\/wp-json\/wp\/v2\/categories?post=11180"},{"taxonomy":"post_tag","embeddable":true,"href":"https:\/\/etnaway.com\/de\/wp-json\/wp\/v2\/tags?post=11180"}],"curies":[{"name":"wp","href":"https:\/\/api.w.org\/{rel}","templated":true}]}}